{"id":377,"date":"2025-08-25T19:44:47","date_gmt":"2025-08-25T19:44:47","guid":{"rendered":"http:\/\/www.slashcreative.co\/dmip\/psychare\/?p=377"},"modified":"2025-08-25T19:44:53","modified_gmt":"2025-08-25T19:44:53","slug":"a-short-break-from-social-media-is-important","status":"publish","type":"post","link":"https:\/\/www.location-salvi.com\/index.php\/2025\/08\/25\/a-short-break-from-social-media-is-important\/","title":{"rendered":"Th\u00e9\u00e2tre d&rsquo;improvisation en pleine nature"},"content":{"rendered":"\n<p><\/p>\n\n\n\n<div class=\"wp-block-columns is-layout-flex wp-container-core-columns-is-layout-9d6595d7 wp-block-columns-is-layout-flex\">\n<div class=\"wp-block-column is-layout-flow wp-block-column-is-layout-flow\">\n<figure class=\"wp-block-gallery has-nested-images columns-default is-cropped wp-block-gallery-1 is-layout-flex wp-block-gallery-is-layout-flex\">\n<figure class=\"wp-block-image size-full\"><img loading=\"lazy\" decoding=\"async\" width=\"548\" height=\"800\" data-id=\"1170\" src=\"http:\/\/www.location-salvi.com\/wp-content\/uploads\/2020\/11\/800x600_spectacle-theatre.png\" alt=\"\" class=\"wp-image-1170\" srcset=\"https:\/\/www.location-salvi.com\/wp-content\/uploads\/2020\/11\/800x600_spectacle-theatre.png 548w, https:\/\/www.location-salvi.com\/wp-content\/uploads\/2020\/11\/800x600_spectacle-theatre-206x300.png 206w\" sizes=\"auto, (max-width: 548px) 100vw, 548px\" \/><\/figure>\n<\/figure>\n<\/div>\n\n\n\n<div class=\"wp-block-column is-layout-flow wp-block-column-is-layout-flow\">\n<p><\/p>\n<\/div>\n<\/div>\n\n\n\n<h2 class=\"wp-block-heading\"><strong><a href=\"https:\/\/lecomtois.com\/s1893,Metabief-Mairies-Doubs-Franche-Comte.html\"><em>M\u00e9tabief<\/em><\/a> <em>(<\/em>25370<em>)<\/em><\/strong><\/h2>\n\n\n\n<p><strong>Samedi 30\/08\/2025<br><\/strong><\/p>\n\n\n\n<p>Venez d\u00e9couvrir le spectacle de th\u00e9\u00e2tre impro, propos\u00e9 par l&rsquo;association C.L.A.P Impro, dans un somptueux d\u00e9cor aux jardins de la Gr\u00e9sardine&nbsp;!<\/p>\n\n\n\n<p>Horaires&nbsp;: de 18h \u00e0 23h30<\/p>\n","protected":false},"excerpt":{"rendered":"<p>M\u00e9tabief (25370) Samedi 30\/08\/2025 Venez d\u00e9couvrir le spectacle de th\u00e9\u00e2tre impro, propos\u00e9 par l&rsquo;association C.L.A.P Impro, dans un somptueux d\u00e9cor aux jardins de la Gr\u00e9sardine&nbsp;! Horaires&nbsp;: de 18h \u00e0 23h30<\/p>\n","protected":false},"author":1,"featured_media":1170,"comment_status":"open","ping_status":"open","sticky":false,"template":"","format":"standard","meta":{"footnotes":""},"categories":[3],"tags":[],"class_list":["post-377","post","type-post","status-publish","format-standard","has-post-thumbnail","hentry","category-personal"],"acf":[],"_links":{"self":[{"href":"https:\/\/www.location-salvi.com\/index.php\/wp-json\/wp\/v2\/posts\/377","targetHints":{"allow":["GET"]}}],"collection":[{"href":"https:\/\/www.location-salvi.com\/index.php\/wp-json\/wp\/v2\/posts"}],"about":[{"href":"https:\/\/www.location-salvi.com\/index.php\/wp-json\/wp\/v2\/types\/post"}],"author":[{"embeddable":true,"href":"https:\/\/www.location-salvi.com\/index.php\/wp-json\/wp\/v2\/users\/1"}],"replies":[{"embeddable":true,"href":"https:\/\/www.location-salvi.com\/index.php\/wp-json\/wp\/v2\/comments?post=377"}],"version-history":[{"count":1,"href":"https:\/\/www.location-salvi.com\/index.php\/wp-json\/wp\/v2\/posts\/377\/revisions"}],"predecessor-version":[{"id":1172,"href":"https:\/\/www.location-salvi.com\/index.php\/wp-json\/wp\/v2\/posts\/377\/revisions\/1172"}],"wp:featuredmedia":[{"embeddable":true,"href":"https:\/\/www.location-salvi.com\/index.php\/wp-json\/wp\/v2\/media\/1170"}],"wp:attachment":[{"href":"https:\/\/www.location-salvi.com\/index.php\/wp-json\/wp\/v2\/media?parent=377"}],"wp:term":[{"taxonomy":"category","embeddable":true,"href":"https:\/\/www.location-salvi.com\/index.php\/wp-json\/wp\/v2\/categories?post=377"},{"taxonomy":"post_tag","embeddable":true,"href":"https:\/\/www.location-salvi.com\/index.php\/wp-json\/wp\/v2\/tags?post=377"}],"curies":[{"name":"wp","href":"https:\/\/api.w.org\/{rel}","templated":true}]}}