{"id":1185,"date":"2025-08-27T12:58:56","date_gmt":"2025-08-27T12:58:56","guid":{"rendered":"http:\/\/www.location-salvi.com\/?p=1185"},"modified":"2025-09-09T10:30:55","modified_gmt":"2025-09-09T10:30:55","slug":"ultra-trail-des-montagnes-du-jura","status":"publish","type":"post","link":"https:\/\/www.location-salvi.com\/index.php\/2025\/08\/27\/ultra-trail-des-montagnes-du-jura\/","title":{"rendered":"Ultra Trail des Montagnes du Jura"},"content":{"rendered":"\n<h3 class=\"wp-block-heading\">Ultra Trail des Montagnes<br>du Jura<\/h3>\n\n\n\n<figure class=\"wp-block-image size-full is-resized\"><img loading=\"lazy\" decoding=\"async\" width=\"1100\" height=\"1570\" src=\"http:\/\/www.location-salvi.com\/wp-content\/uploads\/2025\/08\/f217332b9c3115879e259a3ec883da61_XL.jpg\" alt=\"\" class=\"wp-image-1334\" style=\"width:415px;height:auto\" srcset=\"https:\/\/www.location-salvi.com\/wp-content\/uploads\/2025\/08\/f217332b9c3115879e259a3ec883da61_XL.jpg 1100w, https:\/\/www.location-salvi.com\/wp-content\/uploads\/2025\/08\/f217332b9c3115879e259a3ec883da61_XL-210x300.jpg 210w, https:\/\/www.location-salvi.com\/wp-content\/uploads\/2025\/08\/f217332b9c3115879e259a3ec883da61_XL-717x1024.jpg 717w, https:\/\/www.location-salvi.com\/wp-content\/uploads\/2025\/08\/f217332b9c3115879e259a3ec883da61_XL-768x1096.jpg 768w, https:\/\/www.location-salvi.com\/wp-content\/uploads\/2025\/08\/f217332b9c3115879e259a3ec883da61_XL-1076x1536.jpg 1076w\" sizes=\"auto, (max-width: 1100px) 100vw, 1100px\" \/><\/figure>\n\n\n\n<p>3, 4 et 5 Octobre 2025<\/p>\n\n\n\n<p>L\u2019Ultra Trail des Montagnes du Jura, c\u2019est : un total de 187 km de course, 7560 m\u00e8tres de d\u00e9nivel\u00e9 positif (D+), une travers\u00e9e de 2 pays et le passage<\/p>\n\n\n\n<p>5 courses au coeur des&nbsp;Montagnes du Jura,&nbsp;un&nbsp;<strong>d\u00e9cor incroyable et&nbsp;une<\/strong>&nbsp;ligne d\u2019arriv\u00e9e dans le village de M\u00e9tabief (25).<\/p>\n\n\n\n<p>Organis\u00e9 par Espace Mont d&rsquo;Or<br>Inscriptions ici : <a href=\"https:\/\/www.ultra-trail-montagnes-jura.fr\/\">https:\/\/www.ultra-trail-montagnes-jura.fr\/<\/a><\/p>\n","protected":false},"excerpt":{"rendered":"<p>Ultra Trail des Montagnesdu Jura 3, 4 et 5 Octobre 2025 L\u2019Ultra Trail des Montagnes du Jura, c\u2019est : un total de 187 km de course, 7560 m\u00e8tres de d\u00e9nivel\u00e9 positif (D+), une travers\u00e9e de 2 pays et le passage 5 courses au coeur des&nbsp;Montagnes du Jura,&nbsp;un&nbsp;d\u00e9cor incroyable et&nbsp;une&nbsp;ligne d\u2019arriv\u00e9e dans le village de M\u00e9tabief [&hellip;]<\/p>\n","protected":false},"author":1,"featured_media":1334,"comment_status":"closed","ping_status":"closed","sticky":false,"template":"","format":"standard","meta":{"footnotes":""},"categories":[1],"tags":[],"class_list":["post-1185","post","type-post","status-publish","format-standard","has-post-thumbnail","hentry","category-uncategorized"],"acf":[],"_links":{"self":[{"href":"https:\/\/www.location-salvi.com\/index.php\/wp-json\/wp\/v2\/posts\/1185","targetHints":{"allow":["GET"]}}],"collection":[{"href":"https:\/\/www.location-salvi.com\/index.php\/wp-json\/wp\/v2\/posts"}],"about":[{"href":"https:\/\/www.location-salvi.com\/index.php\/wp-json\/wp\/v2\/types\/post"}],"author":[{"embeddable":true,"href":"https:\/\/www.location-salvi.com\/index.php\/wp-json\/wp\/v2\/users\/1"}],"replies":[{"embeddable":true,"href":"https:\/\/www.location-salvi.com\/index.php\/wp-json\/wp\/v2\/comments?post=1185"}],"version-history":[{"count":3,"href":"https:\/\/www.location-salvi.com\/index.php\/wp-json\/wp\/v2\/posts\/1185\/revisions"}],"predecessor-version":[{"id":1338,"href":"https:\/\/www.location-salvi.com\/index.php\/wp-json\/wp\/v2\/posts\/1185\/revisions\/1338"}],"wp:featuredmedia":[{"embeddable":true,"href":"https:\/\/www.location-salvi.com\/index.php\/wp-json\/wp\/v2\/media\/1334"}],"wp:attachment":[{"href":"https:\/\/www.location-salvi.com\/index.php\/wp-json\/wp\/v2\/media?parent=1185"}],"wp:term":[{"taxonomy":"category","embeddable":true,"href":"https:\/\/www.location-salvi.com\/index.php\/wp-json\/wp\/v2\/categories?post=1185"},{"taxonomy":"post_tag","embeddable":true,"href":"https:\/\/www.location-salvi.com\/index.php\/wp-json\/wp\/v2\/tags?post=1185"}],"curies":[{"name":"wp","href":"https:\/\/api.w.org\/{rel}","templated":true}]}}