{"id":1175,"date":"2025-08-25T19:23:22","date_gmt":"2025-08-25T19:23:22","guid":{"rendered":"http:\/\/www.location-salvi.com\/?p=1175"},"modified":"2025-08-25T19:23:22","modified_gmt":"2025-08-25T19:23:22","slug":"metabylette","status":"publish","type":"post","link":"https:\/\/www.location-salvi.com\/index.php\/2025\/08\/25\/metabylette\/","title":{"rendered":"M\u00e9tabylette"},"content":{"rendered":"\n<p><\/p>\n\n\n\n<div class=\"wp-block-columns is-layout-flex wp-container-core-columns-is-layout-9d6595d7 wp-block-columns-is-layout-flex\">\n<div class=\"wp-block-column is-layout-flow wp-block-column-is-layout-flow\">\n<figure class=\"wp-block-image size-full\"><img loading=\"lazy\" decoding=\"async\" width=\"566\" height=\"800\" src=\"http:\/\/www.location-salvi.com\/wp-content\/uploads\/2020\/11\/800x600_30-aout-Metabylette-Metabief.jpg\" alt=\"\" class=\"wp-image-1168\" srcset=\"https:\/\/www.location-salvi.com\/wp-content\/uploads\/2020\/11\/800x600_30-aout-Metabylette-Metabief.jpg 566w, https:\/\/www.location-salvi.com\/wp-content\/uploads\/2020\/11\/800x600_30-aout-Metabylette-Metabief-212x300.jpg 212w\" sizes=\"auto, (max-width: 566px) 100vw, 566px\" \/><\/figure>\n<\/div>\n\n\n\n<div class=\"wp-block-column is-layout-flow wp-block-column-is-layout-flow\">\n<p><\/p>\n<\/div>\n<\/div>\n\n\n\n<h2 class=\"wp-block-heading\"><strong><a href=\"https:\/\/lecomtois.com\/s1893,Metabief-Mairies-Doubs-Franche-Comte.html\"><em>M\u00e9tabief<\/em><\/a> <em>(<\/em>25370<em>)<\/em><\/strong><\/h2>\n\n\n\n<p><strong>Samedi 30\/08\/2025<br><\/strong><\/p>\n\n\n\n<p>N\u2019oubliez pas d\u2019aller faire un tour \u00e0 <a href=\"https:\/\/www.facebook.com\/metabylette?__cft__[0]=AZWYcJTA_pQVd8yvIN3OFC6J-ETJkQjaGAm0zq7KN9VaBYnVhyuxMtkSISfFLW_b9B00rUWLwtP7DtnrhoPk5osTu1MfbghGaZCXj8adAUI7Lv_UgJBxXmaPl2iQON9dhvoSUCv7hH2G1-nxONANJ8rRWYEaNS40xbPojslNR2iEJpPZOldZjAxLPWBeGJr_998&amp;__tn__=-]K-R\">M\u00e9tabylette<\/a> samedi 2 septembre<\/p>\n\n\n\n<p><strong>Le programme de la journ\u00e9e :<\/strong><\/p>\n\n\n\n<p>08h30-09h30 : Retrait des inscriptions et derni\u00e8res inscriptions si il reste de la place of course\u2026<\/p>\n\n\n\n<p>09h30-10h00 : Petit D\u00e9jeuner des participants<\/p>\n\n\n\n<p>10h00-10h30 : D\u00e9part de la Balade (environ 55 km avec pauses pour faire souffler les mobs)<\/p>\n\n\n\n<p>13h00 : Retour sur M\u00e9tabief et repas dans la salle Paul Charlin<\/p>\n\n\n\n<p>14h30 : D\u00e9part du Rallye photos par \u00e9quipes<\/p>\n\n\n\n<p>16h30 : Expo mob \u2013 buvette \u2013 animations sur la place Xavier<\/p>\n","protected":false},"excerpt":{"rendered":"<p>M\u00e9tabief (25370) Samedi 30\/08\/2025 N\u2019oubliez pas d\u2019aller faire un tour \u00e0 M\u00e9tabylette samedi 2 septembre Le programme de la journ\u00e9e : 08h30-09h30 : Retrait des inscriptions et derni\u00e8res inscriptions si il reste de la place of course\u2026 09h30-10h00 : Petit D\u00e9jeuner des participants 10h00-10h30 : D\u00e9part de la Balade (environ 55 km avec pauses pour [&hellip;]<\/p>\n","protected":false},"author":1,"featured_media":1168,"comment_status":"open","ping_status":"open","sticky":false,"template":"","format":"standard","meta":{"footnotes":""},"categories":[3],"tags":[],"class_list":["post-1175","post","type-post","status-publish","format-standard","has-post-thumbnail","hentry","category-personal"],"acf":[],"_links":{"self":[{"href":"https:\/\/www.location-salvi.com\/index.php\/wp-json\/wp\/v2\/posts\/1175","targetHints":{"allow":["GET"]}}],"collection":[{"href":"https:\/\/www.location-salvi.com\/index.php\/wp-json\/wp\/v2\/posts"}],"about":[{"href":"https:\/\/www.location-salvi.com\/index.php\/wp-json\/wp\/v2\/types\/post"}],"author":[{"embeddable":true,"href":"https:\/\/www.location-salvi.com\/index.php\/wp-json\/wp\/v2\/users\/1"}],"replies":[{"embeddable":true,"href":"https:\/\/www.location-salvi.com\/index.php\/wp-json\/wp\/v2\/comments?post=1175"}],"version-history":[{"count":1,"href":"https:\/\/www.location-salvi.com\/index.php\/wp-json\/wp\/v2\/posts\/1175\/revisions"}],"predecessor-version":[{"id":1176,"href":"https:\/\/www.location-salvi.com\/index.php\/wp-json\/wp\/v2\/posts\/1175\/revisions\/1176"}],"wp:featuredmedia":[{"embeddable":true,"href":"https:\/\/www.location-salvi.com\/index.php\/wp-json\/wp\/v2\/media\/1168"}],"wp:attachment":[{"href":"https:\/\/www.location-salvi.com\/index.php\/wp-json\/wp\/v2\/media?parent=1175"}],"wp:term":[{"taxonomy":"category","embeddable":true,"href":"https:\/\/www.location-salvi.com\/index.php\/wp-json\/wp\/v2\/categories?post=1175"},{"taxonomy":"post_tag","embeddable":true,"href":"https:\/\/www.location-salvi.com\/index.php\/wp-json\/wp\/v2\/tags?post=1175"}],"curies":[{"name":"wp","href":"https:\/\/api.w.org\/{rel}","templated":true}]}}