{"id":1173,"date":"2025-08-25T19:16:53","date_gmt":"2025-08-25T19:16:53","guid":{"rendered":"http:\/\/www.location-salvi.com\/?p=1173"},"modified":"2025-08-25T19:16:53","modified_gmt":"2025-08-25T19:16:53","slug":"musique-en-fete","status":"publish","type":"post","link":"https:\/\/www.location-salvi.com\/index.php\/2025\/08\/25\/musique-en-fete\/","title":{"rendered":"Musique en f\u00eate"},"content":{"rendered":"\n<p><\/p>\n\n\n\n<div class=\"wp-block-columns is-layout-flex wp-container-core-columns-is-layout-9d6595d7 wp-block-columns-is-layout-flex\">\n<div class=\"wp-block-column is-layout-flow wp-block-column-is-layout-flow\">\n<figure class=\"wp-block-image size-full\"><img loading=\"lazy\" decoding=\"async\" width=\"566\" height=\"801\" src=\"http:\/\/www.location-salvi.com\/wp-content\/uploads\/2020\/11\/800x600_30-aout-Musique-en-fete-Les-Hopitaux-Neufs.jpg\" alt=\"\" class=\"wp-image-1169\" srcset=\"https:\/\/www.location-salvi.com\/wp-content\/uploads\/2020\/11\/800x600_30-aout-Musique-en-fete-Les-Hopitaux-Neufs.jpg 566w, https:\/\/www.location-salvi.com\/wp-content\/uploads\/2020\/11\/800x600_30-aout-Musique-en-fete-Les-Hopitaux-Neufs-212x300.jpg 212w\" sizes=\"auto, (max-width: 566px) 100vw, 566px\" \/><\/figure>\n<\/div>\n\n\n\n<div class=\"wp-block-column is-layout-flow wp-block-column-is-layout-flow\">\n<p><\/p>\n<\/div>\n<\/div>\n\n\n\n<h2 class=\"wp-block-heading\"><strong><em><a href=\"https:\/\/cclmhd.fr\/les-communes\/hopitaux-neufs\/\">Les H\u00f4pitaux-Neufs<\/a><\/em> <em>(<\/em>25307<em>)<\/em><\/strong><\/h2>\n\n\n\n<p><strong>Samedi 30\/08\/2025<br><\/strong><\/p>\n\n\n\n<p class=\"has-large-font-size\"><strong>Musique en f\u00eate\u00a0!<\/strong><\/p>\n\n\n\n<p>Le 30\/08\/2025<\/p>\n\n\n\n<p>Halle et b\u00e2timent de la mairie, place de la mairie <br>Le comit\u00e9 d&rsquo;animation des H\u00f4pitaux-Neufs a d\u00e9cid\u00e9 de vous proposer une f\u00eate de la musique d\u00e9cal\u00e9e dans le temps mais tout aussi festive\u00a0!<\/p>\n\n\n\n<p>La place de la mairie accueillera <strong>concerts<\/strong>, <strong>buvette<\/strong>, <strong>restauration<\/strong>, de 18 h \u00e0 23 h dans une ambiance conviviale et chaleureuse.<br>Vous n&rsquo;avez qu&rsquo;\u00e0 apporter votre bonne humeur et vos potes&nbsp;!<\/p>\n\n\n\n<p><\/p>\n","protected":false},"excerpt":{"rendered":"<p>Les H\u00f4pitaux-Neufs (25307) Samedi 30\/08\/2025 Musique en f\u00eate\u00a0! Le 30\/08\/2025 Halle et b\u00e2timent de la mairie, place de la mairie Le comit\u00e9 d&rsquo;animation des H\u00f4pitaux-Neufs a d\u00e9cid\u00e9 de vous proposer une f\u00eate de la musique d\u00e9cal\u00e9e dans le temps mais tout aussi festive\u00a0! La place de la mairie accueillera concerts, buvette, restauration, de 18 h [&hellip;]<\/p>\n","protected":false},"author":1,"featured_media":1169,"comment_status":"open","ping_status":"open","sticky":false,"template":"","format":"standard","meta":{"footnotes":""},"categories":[3],"tags":[],"class_list":["post-1173","post","type-post","status-publish","format-standard","has-post-thumbnail","hentry","category-personal"],"acf":[],"_links":{"self":[{"href":"https:\/\/www.location-salvi.com\/index.php\/wp-json\/wp\/v2\/posts\/1173","targetHints":{"allow":["GET"]}}],"collection":[{"href":"https:\/\/www.location-salvi.com\/index.php\/wp-json\/wp\/v2\/posts"}],"about":[{"href":"https:\/\/www.location-salvi.com\/index.php\/wp-json\/wp\/v2\/types\/post"}],"author":[{"embeddable":true,"href":"https:\/\/www.location-salvi.com\/index.php\/wp-json\/wp\/v2\/users\/1"}],"replies":[{"embeddable":true,"href":"https:\/\/www.location-salvi.com\/index.php\/wp-json\/wp\/v2\/comments?post=1173"}],"version-history":[{"count":1,"href":"https:\/\/www.location-salvi.com\/index.php\/wp-json\/wp\/v2\/posts\/1173\/revisions"}],"predecessor-version":[{"id":1174,"href":"https:\/\/www.location-salvi.com\/index.php\/wp-json\/wp\/v2\/posts\/1173\/revisions\/1174"}],"wp:featuredmedia":[{"embeddable":true,"href":"https:\/\/www.location-salvi.com\/index.php\/wp-json\/wp\/v2\/media\/1169"}],"wp:attachment":[{"href":"https:\/\/www.location-salvi.com\/index.php\/wp-json\/wp\/v2\/media?parent=1173"}],"wp:term":[{"taxonomy":"category","embeddable":true,"href":"https:\/\/www.location-salvi.com\/index.php\/wp-json\/wp\/v2\/categories?post=1173"},{"taxonomy":"post_tag","embeddable":true,"href":"https:\/\/www.location-salvi.com\/index.php\/wp-json\/wp\/v2\/tags?post=1173"}],"curies":[{"name":"wp","href":"https:\/\/api.w.org\/{rel}","templated":true}]}}